[{"@context":"https:\/\/schema.org\/","@type":"Article","@id":"https:\/\/www.elkam.sk\/kto-vlastne-som\/#Article","mainEntityOfPage":"https:\/\/www.elkam.sk\/kto-vlastne-som\/","headline":"Kto vlastne som?","name":"Kto vlastne som?","description":"Ot\u00e1zka, ktor\u00e1 sa t\u00fdka n\u00e1s v\u0161etk\u00fdch: &#8220;Kto som?&#8221; T\u00e1to ot\u00e1zka sa dot\u00fdka samotn\u00e9ho jadra na\u0161ej bytosti a otv\u00e1ra dvere k nekone\u010dn\u00e9mu prieskumu vlastnej identity. Je to ot\u00e1zka, ktor\u00e1 sa t\u00fdka na\u0161ich hodn\u00f4t, t\u00fa\u017eob, strachov a snov. Je to ot\u00e1zka, ktor\u00e1 n\u00e1m pom\u00e1ha pochopi\u0165, ako sa vid\u00edme vo svete a ako chceme by\u0165 vn\u00edman\u00ed ostatn\u00fdmi. Identita <a href=\"https:\/\/www.elkam.sk\/kto-vlastne-som\/\" class=\"more-link\">...<span class=\"screen-reader-text\">  Kto vlastne som?<\/span><\/a>","datePublished":"2023-12-11","dateModified":"2024-01-16","author":{"@type":"Person","@id":"https:\/\/www.elkam.sk\/author\/#Person","name":"","url":"https:\/\/www.elkam.sk\/author\/","identifier":1,"image":{"@type":"ImageObject","@id":"https:\/\/secure.gravatar.com\/avatar\/aa16db3f0f92015edeb6ced2fbc10116de89c6b4888114a368937de5fe58241b?s=96&d=mm&r=g","url":"https:\/\/secure.gravatar.com\/avatar\/aa16db3f0f92015edeb6ced2fbc10116de89c6b4888114a368937de5fe58241b?s=96&d=mm&r=g","height":96,"width":96}},"publisher":{"@type":"Organization","name":"elkam.sk","logo":{"@type":"ImageObject","@id":"\/logo.png","url":"\/logo.png","width":600,"height":60}},"image":{"@type":"ImageObject","@id":"https:\/\/www.elkam.sk\/wp-content\/uploads\/kto-som-1200x480.jpg","url":"https:\/\/www.elkam.sk\/wp-content\/uploads\/kto-som-1200x480.jpg","height":0,"width":0},"url":"https:\/\/www.elkam.sk\/kto-vlastne-som\/","about":["N\u00e1kupy"],"wordCount":412,"articleBody":"      Ot\u00e1zka, ktor\u00e1 sa t\u00fdka n\u00e1s v\u0161etk\u00fdch: &#8220;Kto som?&#8221; T\u00e1to ot\u00e1zka sa dot\u00fdka samotn\u00e9ho jadra na\u0161ej bytosti a otv\u00e1ra dvere k nekone\u010dn\u00e9mu prieskumu vlastnej identity. Je to ot\u00e1zka, ktor\u00e1 sa t\u00fdka na\u0161ich hodn\u00f4t, t\u00fa\u017eob, strachov a snov. Je to ot\u00e1zka, ktor\u00e1 n\u00e1m pom\u00e1ha pochopi\u0165, ako sa vid\u00edme vo svete a ako chceme by\u0165 vn\u00edman\u00ed ostatn\u00fdmi. Identita nie je statick\u00e1. Je to mno\u017eina r\u00f4znych aspektov, ktor\u00e9 sa menia a vyv\u00edjaj\u00fa s \u010dasom a sk\u00fasenos\u0165ami. Mo\u017eno sa identifikujeme so svojou pr\u00e1cou, vz\u0165ahmi, alebo z\u00e1\u013eubami, no na\u0161e jadro zost\u00e1va kon\u0161tantn\u00e9. Na\u0161e hodnoty, presved\u010denia a viera v seba sam\u00e9ho tvoria z\u00e1klad na\u0161ej identity. \u010casto sa m\u00f4\u017eeme strati\u0165 v h\u013eadan\u00ed toho, kto vlastne sme. M\u00f4\u017eeme c\u00edti\u0165 zm\u00e4tok alebo stratu identity v d\u00f4sledku vonkaj\u0161\u00edch tlakov, o\u010dak\u00e1van\u00ed alebo \u017eivotn\u00fdch zmien. V tak\u00fdchto momentoch je d\u00f4le\u017eit\u00e9 sa zastavi\u0165 a zamyslie\u0165 sa nad t\u00fdm, \u010do n\u00e1s rob\u00ed jedine\u010dn\u00fdmi. Mo\u017eno je to n\u00e1\u0161 pr\u00edstup k rie\u0161eniu probl\u00e9mov, na\u0161a schopnos\u0165 empatie, alebo na\u0161a odvaha v \u010deli\u0165 v\u00fdzvam. H\u013eadanie vlastnej identity je neust\u00e1lym procesom, ktor\u00fd si vy\u017eaduje sebareflexiu a introspekciu. Je to cesta seba-objavovania, kde si kladieme ot\u00e1zky, ako: \u010co ma nap\u013a\u0148a? \u010co ma definuje?\u010co je moj\u00edm poslan\u00edm? D\u00f4le\u017eit\u00fdm aspektom pri h\u013eadan\u00ed vlastnej identity je aj prijatie seba sam\u00e9ho. Prija\u0165 svoje siln\u00e9 str\u00e1nky, ale aj svoje nedostatky. Ka\u017ed\u00fd z n\u00e1s je unik\u00e1tny a m\u00e1 nie\u010do hodnotn\u00e9, \u010do prin\u00e1\u0161a do tohto sveta. V tomto neust\u00e1lom z\u00e1pase s\u00e1m so sebou je d\u00f4le\u017eit\u00e9 si pripom\u00edna\u0165, \u017ee odpove\u010f na ot\u00e1zku &#8220;Kto som?&#8221; m\u00f4\u017ee by\u0165 r\u00f4znorod\u00e1 a to je v poriadku. Na\u0161a identita je dynamick\u00e1, a to je kr\u00e1sa bytia \u013eudsk\u00fdm jedincom. Tak\u017ee, ke\u010f sa znovu op\u00fdtate sami seba: &#8220;Kto som?&#8221; Bu\u010fte pripraven\u00ed na neust\u00e1ly objavuj\u00faci sa pr\u00edbeh, ktor\u00fd je v\u00e1\u0161 vlastn\u00fd. https:\/\/www.knihydobrovsky.cz\/vlastny-zivotopis-zla-542956  Bu\u010fte otvoren\u00ed nov\u00fdm sk\u00fasenostiam, prijmite v\u00fdzvy a nezabudnite si v\u00e1\u017ei\u0165 vlastn\u00fa jedine\u010dnos\u0165. Preto\u017ee to, kto ste, je cenn\u00e9 a d\u00f4le\u017eit\u00e9.                                                                                                                                                                                                                                                                                                                                                                                           4.1\/5 - (14 votes)        "},{"@context":"https:\/\/schema.org\/","@type":"BreadcrumbList","itemListElement":[{"@type":"ListItem","position":1,"name":"Kto vlastne som?","item":"https:\/\/www.elkam.sk\/kto-vlastne-som\/#breadcrumbitem"}]}]