[{"@context":"https:\/\/schema.org\/","@type":"Article","@id":"https:\/\/www.elkam.sk\/moda-a-svet\/#Article","mainEntityOfPage":"https:\/\/www.elkam.sk\/moda-a-svet\/","headline":"M\u00f3da a svet","name":"M\u00f3da a svet","description":"M\u00f3da je fenom\u00e9n, ktor\u00fd ovplyv\u0148uje n\u00e1\u0161 ka\u017edodenn\u00fd \u017eivot. Je to viac ako len oble\u010denie, je to sp\u00f4sob, ako sa vyjadri\u0165 a vyjadri\u0165 svoju osobnos\u0165. M\u00f3da je umenie, ktor\u00e9 sa neust\u00e1le men\u00ed a vyv\u00edja, a je d\u00f4le\u017eitou s\u00fa\u010das\u0165ou n\u00e1\u0161ho kult\u00farneho dedi\u010dstva. M\u00f3da n\u00e1m umo\u017e\u0148uje vyjadri\u0165 svoju individualitu a kreativitu. Oble\u010denie, doplnky a \u0161t\u00fdl, ktor\u00fd si vyber\u00e1me, <a href=\"https:\/\/www.elkam.sk\/moda-a-svet\/\" class=\"more-link\">...<span class=\"screen-reader-text\">  M\u00f3da a svet<\/span><\/a>","datePublished":"2023-12-12","dateModified":"2023-12-12","author":{"@type":"Person","@id":"https:\/\/www.elkam.sk\/author\/#Person","name":"","url":"https:\/\/www.elkam.sk\/author\/","identifier":1,"image":{"@type":"ImageObject","@id":"https:\/\/secure.gravatar.com\/avatar\/aa16db3f0f92015edeb6ced2fbc10116de89c6b4888114a368937de5fe58241b?s=96&d=mm&r=g","url":"https:\/\/secure.gravatar.com\/avatar\/aa16db3f0f92015edeb6ced2fbc10116de89c6b4888114a368937de5fe58241b?s=96&d=mm&r=g","height":96,"width":96}},"publisher":{"@type":"Organization","name":"elkam.sk","logo":{"@type":"ImageObject","@id":"\/logo.png","url":"\/logo.png","width":600,"height":60}},"image":{"@type":"ImageObject","@id":"https:\/\/www.elkam.sk\/wp-content\/uploads\/Protestna-moda-Oblecenie-ktore-zmenilo-svet-k-lepsiemu-alebo-horsiemu_5eaf40ff936a19da8efc.jpg","url":"https:\/\/www.elkam.sk\/wp-content\/uploads\/Protestna-moda-Oblecenie-ktore-zmenilo-svet-k-lepsiemu-alebo-horsiemu_5eaf40ff936a19da8efc.jpg","height":0,"width":0},"url":"https:\/\/www.elkam.sk\/moda-a-svet\/","about":["M\u00f3da"],"wordCount":471,"articleBody":"M\u00f3da je fenom\u00e9n, ktor\u00fd ovplyv\u0148uje n\u00e1\u0161 ka\u017edodenn\u00fd \u017eivot. Je to viac ako len oble\u010denie, je to sp\u00f4sob, ako sa vyjadri\u0165 a vyjadri\u0165 svoju osobnos\u0165. M\u00f3da je umenie, ktor\u00e9 sa neust\u00e1le men\u00ed a vyv\u00edja, a je d\u00f4le\u017eitou s\u00fa\u010das\u0165ou n\u00e1\u0161ho kult\u00farneho dedi\u010dstva.M\u00f3da n\u00e1m umo\u017e\u0148uje vyjadri\u0165 svoju individualitu a kreativitu. Oble\u010denie, doplnky a \u0161t\u00fdl, ktor\u00fd si vyber\u00e1me, hovoria o n\u00e1s a na\u0161ej osobnosti. M\u00f3da n\u00e1m d\u00e1va mo\u017enos\u0165 vytvori\u0165 si vlastn\u00fd \u0161t\u00fdl a vyjadri\u0165 sa prostredn\u00edctvom farieb, vzorov a strihov. Je to sp\u00f4sob, ako sa c\u00edti\u0165 sebavedomo a pohodlne v na\u0161ej poko\u017eke.M\u00f3da je tie\u017e sp\u00f4sob, ako sa spoji\u0165 s in\u00fdmi \u013eu\u010fmi. M\u00f3da je univerz\u00e1lnym jazykom, ktor\u00fd n\u00e1s sp\u00e1ja a umo\u017e\u0148uje n\u00e1m komunikova\u0165 bez slov. Ke\u010f stret\u00e1vame \u013eud\u00ed s podobn\u00fdm \u0161t\u00fdlom a vkusom, c\u00edtime sa s nimi spojen\u00ed a m\u00f4\u017eeme n\u00e1js\u0165 nov\u00fdch priate\u013eov a spolo\u010dn\u00edkov. M\u00f3da tie\u017e vytv\u00e1ra komunitu a kult\u00faru, kde sa \u013eudia m\u00f4\u017eu stret\u00e1va\u0165, vymie\u0148a\u0165 si n\u00e1pady a in\u0161pirova\u0165 sa navz\u00e1jom.M\u00f3da je tie\u017e d\u00f4le\u017eitou s\u00fa\u010das\u0165ou n\u00e1\u0161ho ekonomick\u00e9ho syst\u00e9mu. M\u00f3da je obrovsk\u00fdm priemyslom, ktor\u00fd zamestn\u00e1va mili\u00f3ny \u013eud\u00ed a generuje obrovsk\u00e9 mno\u017estvo pe\u0148az\u00ed. M\u00f3da je hnacou silou za v\u00fdvojom nov\u00fdch technol\u00f3gi\u00ed a inov\u00e1ci\u00ed v textilnom priemysle. M\u00f3da tie\u017e ovplyv\u0148uje na\u0161u spotrebu a nakupovanie, a t\u00fdm aj ekonomick\u00fd rast.M\u00f3da v\u0161ak nie je len o kr\u00e1se a \u0161t\u00fdle, je to aj o etike a udr\u017eate\u013enosti. V s\u00fa\u010dasnej dobe je d\u00f4le\u017eit\u00e9, aby sme sa zamysleli nad t\u00fdm, ako je na\u0161a m\u00f3da vytvoren\u00e1 a ak\u00fd m\u00e1 vplyv na \u017eivotn\u00e9 prostredie a \u013eud\u00ed. Udr\u017eate\u013en\u00e1 m\u00f3da sa st\u00e1va \u010doraz d\u00f4le\u017eitej\u0161ou, a preto je d\u00f4le\u017eit\u00e9 podporova\u0165 zna\u010dky a dizajn\u00e9rov, ktor\u00ed sa zameriavaj\u00fa na etick\u00fa a ekologick\u00fa v\u00fdrobu.V z\u00e1vere m\u00f4\u017eeme poveda\u0165, \u017ee m\u00f3da je viac ako len oble\u010denie. Je to sp\u00f4sob, ako sa vyjadri\u0165 a vyjadri\u0165 svoju osobnos\u0165. M\u00f3da n\u00e1m umo\u017e\u0148uje by\u0165 kreat\u00edvni a individu\u00e1lni a spoji\u0165 sa s in\u00fdmi \u013eu\u010fmi. M\u00f3da je tie\u017e d\u00f4le\u017eitou s\u00fa\u010das\u0165ou n\u00e1\u0161ho ekonomick\u00e9ho syst\u00e9mu a m\u00e1 ve\u013ek\u00fd vplyv na \u017eivotn\u00e9 prostredie. Preto je d\u00f4le\u017eit\u00e9, aby sme sa zamysleli nad t\u00fdm, ako je na\u0161a m\u00f3da vytvoren\u00e1 a podporovali udr\u017eate\u013en\u00e9 a etick\u00e9 praktiky v m\u00f3de.                                                                                                                                                                                                                                                                                                                                                                                        4.6\/5 - (14 votes)        "},{"@context":"https:\/\/schema.org\/","@type":"BreadcrumbList","itemListElement":[{"@type":"ListItem","position":1,"name":"M\u00f3da a svet","item":"https:\/\/www.elkam.sk\/moda-a-svet\/#breadcrumbitem"}]}]