[{"@context":"https:\/\/schema.org\/","@type":"Article","@id":"https:\/\/www.elkam.sk\/zmena-je-zivot\/#Article","mainEntityOfPage":"https:\/\/www.elkam.sk\/zmena-je-zivot\/","headline":"Zmena je \u017eivot","name":"Zmena je \u017eivot","description":"Ob\u010das si hovor\u00edm, \u017ee drobn\u00e1 zmena v \u017eivote neu\u0161kod\u00ed. To u\u017e z\u00e1le\u017e\u00ed na tom, \u010di t\u00fa zmenu \u010dlovek chce s\u00e1m urobi\u0165. A vlastne pre\u010do by nemohla by\u0165 o trochu v\u00e4\u010d\u0161ia? Farba vlasov Mo\u017eno ste u\u017e niekedy prem\u00fd\u0161\u013eali nad t\u00fdm, ako si tak\u00fa zmenu m\u00f4\u017eete predstavi\u0165. Napr\u00edklad ja som si pred t\u00fd\u017ed\u0148om nechala urobi\u0165 bale\u00e1\u017e (to <a href=\"https:\/\/www.elkam.sk\/zmena-je-zivot\/\" class=\"more-link\">...<span class=\"screen-reader-text\">  Zmena je \u017eivot<\/span><\/a>","datePublished":"2023-11-29","dateModified":"2024-04-29","author":{"@type":"Person","@id":"https:\/\/www.elkam.sk\/author\/#Person","name":"","url":"https:\/\/www.elkam.sk\/author\/","identifier":1,"image":{"@type":"ImageObject","@id":"https:\/\/secure.gravatar.com\/avatar\/aa16db3f0f92015edeb6ced2fbc10116de89c6b4888114a368937de5fe58241b?s=96&d=mm&r=g","url":"https:\/\/secure.gravatar.com\/avatar\/aa16db3f0f92015edeb6ced2fbc10116de89c6b4888114a368937de5fe58241b?s=96&d=mm&r=g","height":96,"width":96}},"publisher":{"@type":"Organization","name":"elkam.sk","logo":{"@type":"ImageObject","@id":"\/logo.png","url":"\/logo.png","width":600,"height":60}},"image":{"@type":"ImageObject","@id":"https:\/\/www.elkam.sk\/wp-content\/uploads\/woman-5706482_640.jpg","url":"https:\/\/www.elkam.sk\/wp-content\/uploads\/woman-5706482_640.jpg","height":0,"width":0},"url":"https:\/\/www.elkam.sk\/zmena-je-zivot\/","about":["M\u00f3da"],"wordCount":391,"articleBody":"Ob\u010das si hovor\u00edm, \u017ee drobn\u00e1 zmena v \u017eivote neu\u0161kod\u00ed. To u\u017e z\u00e1le\u017e\u00ed na tom, \u010di t\u00fa zmenu \u010dlovek chce s\u00e1m urobi\u0165. A vlastne pre\u010do by nemohla by\u0165 o trochu v\u00e4\u010d\u0161ia?Farba vlasovMo\u017eno ste u\u017e niekedy prem\u00fd\u0161\u013eali nad t\u00fdm, ako si tak\u00fa zmenu m\u00f4\u017eete predstavi\u0165. Napr\u00edklad ja som si pred t\u00fd\u017ed\u0148om nechala urobi\u0165 bale\u00e1\u017e (to je farba do vlasov a vydr\u017e\u00ed mi minim\u00e1lne rok) a som s \u0148ou ve\u013emi spokojn\u00e1.\u00a0U\u017e som raz farbu vo vlasoch mala, ale potom to bolo zase p\u00e1r rokov, \u010do som tam \u017eiadnu farbu nemala.\u00a0Len\u017ee u\u017e som akosi c\u00edtila, \u017ee by to chcelo aspo\u0148 nejak\u00fa zmenu. Nakoniec som si nechala zafarbi\u0165 vlasy na blond (len v\u00e4\u010d\u0161iu \u010das\u0165 kon\u010dekov). Uva\u017eovala som aj nad \u010dervenou farbou.\u00a0Len\u017ee popravde neviem, \u010di by mi \u010derven\u00e1 farba na vlasoch pristala. Ka\u017ed\u00e9mu toti\u017e pristane nie\u010do in\u00e9. A tak som rad\u0161ej zvolila istotu a tou bola blond. Ale zariekla som sa, \u017ee nabud\u00face sk\u00fasim t\u00fa \u010derven\u00fa, a\u017e mi t\u00e1 blond farba odrastie. Zauj\u00edmalo by ma toti\u017e, ako by to vyzeralo na mojich vlasoch. Ale v\u0161etko m\u00e1 svoj \u010das.\u00a0A tak pokia\u013e chcete urobi\u0165 nejak\u00fa zmenu v podobe zmeny farby vlasov alebo \u010dohoko\u013evek in\u00e9ho, \u200b\u200btak sa toho nebojte.\u00a0Ve\u013eakr\u00e1t zmena \u010dloveku sk\u00f4r prospeje, ne\u017e u\u0161kod\u00ed. Po zmene sa v\u00e4\u010d\u0161inou \u010dlovek c\u00edti lep\u0161ie.Aj ke\u010f niekto by si povedal, \u017ee zafarbi\u0165 vlasy je vlastne oby\u010dajn\u00e1 vec. Ale niekomu to dokonca m\u00f4\u017ee zdvihn\u00fa\u0165 sebavedomie, napr\u00edklad ako m\u0148a. Ke\u010f m\u00e1m bale\u00e1\u017e, c\u00edtim sa ove\u013ea viac sexy a dobre a jednoducho celkovo si viac ver\u00edm a vyzer\u00e1m lep\u0161ie.\u00a0A tak je to. D\u00f4le\u017eit\u00e9 ale je to, \u010do si mysl\u00edte vy a nie va\u0161e okolie. Po\u010d\u00favajte iba sami seba.\u00a0A ak si budete chcie\u0165 zafarbi\u0165 vlasy a ostatn\u00ed v\u00e1m bud\u00fa hovori\u0165, nech to nerob\u00edte, jednoducho ich nepo\u010d\u00favajte. Je to iba v\u00e1\u0161 \u017eivot a to by ste si mali uvedomi\u0165.\u00a0Mne to tie\u017e dlho trvalo, k\u00fdm som si to uvedomila, ale nakoniec som pochopila, \u017ee z\u00e1le\u017e\u00ed iba na tom, \u010do si mysl\u00edm ja a\u00a0nie ostatn\u00ed.                                                                                                                                                                                                                                                                                                                                                                                        4.2\/5 - (14 votes)        "},{"@context":"https:\/\/schema.org\/","@type":"BreadcrumbList","itemListElement":[{"@type":"ListItem","position":1,"name":"Zmena je \u017eivot","item":"https:\/\/www.elkam.sk\/zmena-je-zivot\/#breadcrumbitem"}]}]